[{"@context":"https:\/\/schema.org\/","@type":"Article","@id":"https:\/\/www.axton.cz\/nejmene-lidi-bez-prace-za-poslednich-22-let\/#Article","mainEntityOfPage":"https:\/\/www.axton.cz\/nejmene-lidi-bez-prace-za-poslednich-22-let\/","headline":"Nejm\u00e9n\u011b lid\u00ed bez pr\u00e1ce za posledn\u00edch 22 let","name":"Nejm\u00e9n\u011b lid\u00ed bez pr\u00e1ce za posledn\u00edch 22 let","description":"Dlouhodob\u00e9mu v\u00fdvoji i ro\u010dn\u00edmu obdob\u00ed odpov\u00edd\u00e1 aktu\u00e1ln\u00ed situace na trhu pr\u00e1ce. Proti dubnu p\u0159ibylo v\u00edce ne\u017e \u0161est a p\u016fl tis\u00edce pracovn\u00edch m\u00edst. Proto\u017ee se v tomto obdob\u00ed otev\u00edraj\u00ed pozice v [&hellip;]","datePublished":"2019-06-15","dateModified":"2023-05-06","author":{"@type":"Person","@id":"https:\/\/www.axton.cz\/author\/#Person","name":"","url":"https:\/\/www.axton.cz\/author\/","identifier":1,"image":{"@type":"ImageObject","@id":"https:\/\/secure.gravatar.com\/avatar\/774cfd57496a9f02284489749b4229073861faca9d8a66df7d65507a77c5d31f?s=96&d=mm&r=g","url":"https:\/\/secure.gravatar.com\/avatar\/774cfd57496a9f02284489749b4229073861faca9d8a66df7d65507a77c5d31f?s=96&d=mm&r=g","height":96,"width":96}},"publisher":{"@type":"Organization","name":"axton.cz","logo":{"@type":"ImageObject","@id":"\/logo.png","url":"\/logo.png","width":600,"height":60}},"image":{"@type":"ImageObject","@id":"https:\/\/www.axton.cz\/wp-content\/uploads\/img_a347019_w2771_t1561231107.jpg","url":"https:\/\/www.axton.cz\/wp-content\/uploads\/img_a347019_w2771_t1561231107.jpg","height":0,"width":0},"url":"https:\/\/www.axton.cz\/nejmene-lidi-bez-prace-za-poslednich-22-let\/","about":["Ekonomika"],"wordCount":407,"articleBody":"Dlouhodob\u00e9mu v\u00fdvoji i ro\u010dn\u00edmu obdob\u00ed odpov\u00edd\u00e1 aktu\u00e1ln\u00ed situace na trhu pr\u00e1ce. Proti dubnu p\u0159ibylo v\u00edce ne\u017e \u0161est a p\u016fl tis\u00edce pracovn\u00edch m\u00edst. Proto\u017ee se v tomto obdob\u00ed otev\u00edraj\u00ed pozice v r\u00e1mci sez\u00f3nn\u00edch prac\u00ed, je jasn\u00e9, \u017ee i nad\u00e1le bude v\u00edce a v\u00edce voln\u00fdch pracovn\u00edch m\u00edst ve stavebnictv\u00ed, gastronomii, zem\u011bd\u011blstv\u00ed, lesnictv\u00ed, zahradnictv\u00ed, ryb\u00e1\u0159stv\u00ed, l\u00e1ze\u0148sk\u00fdch slu\u017eb\u00e1ch i cestovn\u00edm ruchu. Z toho jasn\u011b vypl\u00fdv\u00e1, \u017ee v n\u00e1sleduj\u00edc\u00edch m\u011bs\u00edc\u00edch bude nezam\u011bstnanost i nad\u00e1le klesat.Sou\u010dasn\u00e1 situace je takov\u00e1, \u017ee nezam\u011bstnanost je aktu\u00e1ln\u011b na historick\u00fdch minimech. V souvislosti s touto ot\u00e1zkou je v\u0161ak probl\u00e9m v tom, \u017ee firm\u00e1m st\u00e1le chyb\u00ed kvalifikovan\u00ed \u0159emesln\u00edci a odborn\u00edci nap\u0159\u00edklad v informa\u010dn\u00edch technologi\u00edch.Od dubna do kv\u011btna tedy zam\u011bstnanost op\u011bt stoupla, a to ve v\u0161ech kraj\u00edch s v\u00fdjimkou Prahy a oblasti Zl\u00edna. Nejni\u017e\u0161\u00ed pod\u00edl nezam\u011bstnan\u00fdch uvedl \u00da\u0159ad pr\u00e1ce v Pardubic\u00edch s 1,7 procenta, d\u00e1le pak Jiho\u010desk\u00fd a Plze\u0148sk\u00fd kraj s 1,8 procenty. St\u00e1le nejvy\u0161\u0161\u00ed pod\u00edl lid\u00ed bez pr\u00e1ce, i p\u0159es to, \u017ee se st\u00e1le zmen\u0161uje, pak hl\u00e1s\u00ed Moravskoslezsk\u00fd kraj, kde se procentu\u00e1ln\u00ed \u010d\u00edslo lid\u00ed bez zam\u011bstn\u00e1n\u00ed pohybuje okolo 4,2 procenta.RegionyCelkov\u011b klesl pom\u011br lid\u00ed bez pr\u00e1ce v 75 regionech. Na nejni\u017e\u0161\u00ed \u00farove\u0148 se dostal okres Praha-v\u00fdchod, kter\u00fd nahl\u00e1sil dokonce jen jedno procento. Zde byl nejni\u017e\u0161\u00ed po\u010det uchaze\u010d\u016f o pr\u00e1ci v pom\u011bru k po\u010dtu voln\u00fdch m\u00edst. Na jedno voln\u00e9 m\u00edsto p\u0159ipadalo 0,1 uchaze\u010de. T\u00e9m\u011b\u0159 stejn\u00fd po\u010det z\u00e1jemc\u016f o volnou pracovn\u00ed pozici pak evidovaly okresy Tachov, Doma\u017elice a Pardubice.O kousek v\u00edce osob bez pr\u00e1ce pak evidovalo Rychnovsko a Jind\u0159ichohradecko.Nen\u00ed p\u0159ekvapen\u00edm, \u017ee nejvy\u0161\u0161\u00ed \u010d\u00edslo pak bylo na Karvinsku, kde toto procento vy\u0161plhalo na 6,8 procenta. D\u00e1le t\u011bsn\u011b p\u0159es 5 procent vy\u0161plhala nezam\u011bstnanost na Mostecku a v Ostrav\u011b.Nen\u00ed p\u0159ekvapiv\u00fdm v\u00fdsledkem, \u017ee v Karvin\u00e9 se o jednu volnou pozici uch\u00e1z\u00ed 5,2 osoby.Celkov\u011b pak v \u010cesk\u00e9 republice p\u0159ipadalo v m\u011bs\u00edci kv\u011btnu na jedno m\u00edsto 0,6 osoby.                                                                                                                                                                                                                                                                                                                                                                                        4.3\/5 - (9 votes)        "},{"@context":"https:\/\/schema.org\/","@type":"BreadcrumbList","itemListElement":[{"@type":"ListItem","position":1,"name":"Nejm\u00e9n\u011b lid\u00ed bez pr\u00e1ce za posledn\u00edch 22 let","item":"https:\/\/www.axton.cz\/nejmene-lidi-bez-prace-za-poslednich-22-let\/#breadcrumbitem"}]}]